{"id":1826,"date":"2026-01-28T22:18:22","date_gmt":"2026-01-28T21:18:22","guid":{"rendered":"https:\/\/chablaisnordic.com\/?p=1826"},"modified":"2026-01-28T22:18:35","modified_gmt":"2026-01-28T21:18:35","slug":"news-fin-janvier-2026","status":"publish","type":"post","link":"https:\/\/chablaisnordic.com\/?p=1826","title":{"rendered":"NEWS FIN JANVIER 2026"},"content":{"rendered":"\n<p>On rentre dans la grande p\u00e9riode ; tout le monde court.<\/p>\n\n\n\n<p>Les foyers \u00e9taient sur le premier rassemblement du comit\u00e9 aux Contamines Montjoie, pour la CLASSIC74. 350 jeunes des diff\u00e9rents foyers se sont jaug\u00e9s en style classique. Le groupe \u00e9tait plus r\u00e9duit que sur les minicoupes mais pas pour autant moins efficace. belle perf de LISON qui finit 2\u00e8me en U9 ; Lumi 10\u00e8me. Jos\u00e9phine 22\u00e8me ; Lucie 34 et Mila 36 eVictor 21 en U11.<\/p>\n\n\n\n<figure class=\"wp-block-gallery has-nested-images columns-default is-cropped\">\n<figure class=\"wp-block-image size-large\"><img loading=\"lazy\" width=\"768\" height=\"1024\" data-id=\"1827\"  src=\"https:\/\/chablaisnordic.com\/wp-content\/uploads\/sites\/89\/2026\/01\/classic-1-768x1024.jpg\" alt=\"\" class=\"wp-image-1827\" srcset=\"https:\/\/chablaisnordic.com\/wp-content\/uploads\/sites\/89\/2026\/01\/classic-1-768x1024.jpg 768w, https:\/\/chablaisnordic.com\/wp-content\/uploads\/sites\/89\/2026\/01\/classic-1-225x300.jpg 225w, https:\/\/chablaisnordic.com\/wp-content\/uploads\/sites\/89\/2026\/01\/classic-1-1152x1536.jpg 1152w, https:\/\/chablaisnordic.com\/wp-content\/uploads\/sites\/89\/2026\/01\/classic-1.jpg 1200w\" sizes=\"(max-width: 768px) 100vw, 768px\" \/><\/figure>\n\n\n\n<figure class=\"wp-block-image size-large\"><img loading=\"lazy\" width=\"768\" height=\"1024\" data-id=\"1830\"  src=\"https:\/\/chablaisnordic.com\/wp-content\/uploads\/sites\/89\/2026\/01\/classic26-1-768x1024.jpg\" alt=\"\" class=\"wp-image-1830\" srcset=\"https:\/\/chablaisnordic.com\/wp-content\/uploads\/sites\/89\/2026\/01\/classic26-1-768x1024.jpg 768w, https:\/\/chablaisnordic.com\/wp-content\/uploads\/sites\/89\/2026\/01\/classic26-1-225x300.jpg 225w, https:\/\/chablaisnordic.com\/wp-content\/uploads\/sites\/89\/2026\/01\/classic26-1-1152x1536.jpg 1152w, https:\/\/chablaisnordic.com\/wp-content\/uploads\/sites\/89\/2026\/01\/classic26-1.jpg 1200w\" sizes=\"(max-width: 768px) 100vw, 768px\" \/><\/figure>\n\n\n\n<figure class=\"wp-block-image size-large\"><img loading=\"lazy\" width=\"768\" height=\"1024\" data-id=\"1828\"  src=\"https:\/\/chablaisnordic.com\/wp-content\/uploads\/sites\/89\/2026\/01\/classic26-2-768x1024.jpg\" alt=\"\" class=\"wp-image-1828\" srcset=\"https:\/\/chablaisnordic.com\/wp-content\/uploads\/sites\/89\/2026\/01\/classic26-2-768x1024.jpg 768w, https:\/\/chablaisnordic.com\/wp-content\/uploads\/sites\/89\/2026\/01\/classic26-2-225x300.jpg 225w, https:\/\/chablaisnordic.com\/wp-content\/uploads\/sites\/89\/2026\/01\/classic26-2-1152x1536.jpg 1152w, https:\/\/chablaisnordic.com\/wp-content\/uploads\/sites\/89\/2026\/01\/classic26-2.jpg 1200w\" sizes=\"(max-width: 768px) 100vw, 768px\" \/><\/figure>\n<\/figure>\n\n\n\n<p>Les masters affinent leur pr\u00e9paration ; certains seront \u00e0 la BORNANDINE ce 31 Janvier quand d&rsquo;autres seront sur la Savoyarde.<\/p>\n\n\n\n<p>Les jeunes comp\u00e9titeurs \u00e9taient sur le GP de SOMMAND et pr\u00e9parent le GP de Chamonix d\u00e9port\u00e9 \u00e0 VALLORCINE.<\/p>\n\n\n\n<figure class=\"wp-block-gallery has-nested-images columns-default is-cropped\">\n<figure class=\"wp-block-image size-large\"><img loading=\"lazy\" width=\"1600\" height=\"1200\" data-id=\"1831\"  src=\"https:\/\/chablaisnordic.com\/wp-content\/uploads\/sites\/89\/2026\/01\/groupe26.jpg\" alt=\"\" class=\"wp-image-1831\" srcset=\"https:\/\/chablaisnordic.com\/wp-content\/uploads\/sites\/89\/2026\/01\/groupe26.jpg 1600w, https:\/\/chablaisnordic.com\/wp-content\/uploads\/sites\/89\/2026\/01\/groupe26-300x225.jpg 300w, https:\/\/chablaisnordic.com\/wp-content\/uploads\/sites\/89\/2026\/01\/groupe26-1024x768.jpg 1024w, https:\/\/chablaisnordic.com\/wp-content\/uploads\/sites\/89\/2026\/01\/groupe26-768x576.jpg 768w, https:\/\/chablaisnordic.com\/wp-content\/uploads\/sites\/89\/2026\/01\/groupe26-1536x1152.jpg 1536w, https:\/\/chablaisnordic.com\/wp-content\/uploads\/sites\/89\/2026\/01\/groupe26-400x300.jpg 400w\" sizes=\"(max-width: 1600px) 100vw, 1600px\" \/><\/figure>\n\n\n\n<figure class=\"wp-block-image size-large\"><img loading=\"lazy\" width=\"1200\" height=\"1600\" data-id=\"1829\"  src=\"https:\/\/chablaisnordic.com\/wp-content\/uploads\/sites\/89\/2026\/01\/entraine.jpg\" alt=\"\" class=\"wp-image-1829\" srcset=\"https:\/\/chablaisnordic.com\/wp-content\/uploads\/sites\/89\/2026\/01\/entraine.jpg 1200w, https:\/\/chablaisnordic.com\/wp-content\/uploads\/sites\/89\/2026\/01\/entraine-225x300.jpg 225w, https:\/\/chablaisnordic.com\/wp-content\/uploads\/sites\/89\/2026\/01\/entraine-768x1024.jpg 768w, https:\/\/chablaisnordic.com\/wp-content\/uploads\/sites\/89\/2026\/01\/entraine-1152x1536.jpg 1152w\" sizes=\"(max-width: 1200px) 100vw, 1200px\" \/><\/figure>\n<\/figure>\n\n\n\n<p>Les foyers enchainent ce 31 Janvier sur la MINI COUPE du PRAZ de LYS.<\/p>\n\n\n\n<p>Enfin, Camille, notre p\u00e9pite a encore brill\u00e9 sur la 6\u00e8me \u00e9tape de Coupe du Monde avec un 20\/20 \u00e0 la MASS START et une belle 5\u00e8me place, toujours au contact des meilleures biath\u00e8tes. Maintant c&rsquo;est Objectif MILANO CORTINA pour ses premiers JO ! Bravo!<\/p>\n\n\n\n<figure class=\"wp-block-image size-large\"><img loading=\"lazy\" width=\"1024\" height=\"684\" src=\"https:\/\/chablaisnordic.com\/wp-content\/uploads\/sites\/89\/2026\/01\/novemesto26-1024x684.jpeg\" alt=\"\" class=\"wp-image-1832\" srcset=\"https:\/\/chablaisnordic.com\/wp-content\/uploads\/sites\/89\/2026\/01\/novemesto26-1024x684.jpeg 1024w, https:\/\/chablaisnordic.com\/wp-content\/uploads\/sites\/89\/2026\/01\/novemesto26-300x201.jpeg 300w, https:\/\/chablaisnordic.com\/wp-content\/uploads\/sites\/89\/2026\/01\/novemesto26-768x513.jpeg 768w, https:\/\/chablaisnordic.com\/wp-content\/uploads\/sites\/89\/2026\/01\/novemesto26-1536x1027.jpeg 1536w, https:\/\/chablaisnordic.com\/wp-content\/uploads\/sites\/89\/2026\/01\/novemesto26-449x300.jpeg 449w, https:\/\/chablaisnordic.com\/wp-content\/uploads\/sites\/89\/2026\/01\/novemesto26.jpeg 1882w\" sizes=\"(max-width: 1024px) 100vw, 1024px\" \/><\/figure>\n","protected":false},"excerpt":{"rendered":"<p>On rentre dans la grande p\u00e9riode ; tout le monde court. Les foyers \u00e9taient sur le premier rassemblement du comit\u00e9 aux Contamines Montjoie, pour la CLASSIC74. 350 jeunes des diff\u00e9rents foyers se sont jaug\u00e9s en style classique. Le groupe \u00e9tait &hellip; <a href=\"https:\/\/chablaisnordic.com\/?p=1826\">Continuer la lecture <span class=\"meta-nav\">&rarr;<\/span><\/a><\/p>\n","protected":false},"author":3554,"featured_media":0,"comment_status":"closed","ping_status":"closed","sticky":true,"template":"","format":"standard","meta":[],"categories":[1],"tags":[],"_links":{"self":[{"href":"https:\/\/chablaisnordic.com\/index.php?rest_route=\/wp\/v2\/posts\/1826"}],"collection":[{"href":"https:\/\/chablaisnordic.com\/index.php?rest_route=\/wp\/v2\/posts"}],"about":[{"href":"https:\/\/chablaisnordic.com\/index.php?rest_route=\/wp\/v2\/types\/post"}],"author":[{"embeddable":true,"href":"https:\/\/chablaisnordic.com\/index.php?rest_route=\/wp\/v2\/users\/3554"}],"replies":[{"embeddable":true,"href":"https:\/\/chablaisnordic.com\/index.php?rest_route=%2Fwp%2Fv2%2Fcomments&post=1826"}],"version-history":[{"count":1,"href":"https:\/\/chablaisnordic.com\/index.php?rest_route=\/wp\/v2\/posts\/1826\/revisions"}],"predecessor-version":[{"id":1833,"href":"https:\/\/chablaisnordic.com\/index.php?rest_route=\/wp\/v2\/posts\/1826\/revisions\/1833"}],"wp:attachment":[{"href":"https:\/\/chablaisnordic.com\/index.php?rest_route=%2Fwp%2Fv2%2Fmedia&parent=1826"}],"wp:term":[{"taxonomy":"category","embeddable":true,"href":"https:\/\/chablaisnordic.com\/index.php?rest_route=%2Fwp%2Fv2%2Fcategories&post=1826"},{"taxonomy":"post_tag","embeddable":true,"href":"https:\/\/chablaisnordic.com\/index.php?rest_route=%2Fwp%2Fv2%2Ftags&post=1826"}],"curies":[{"name":"wp","href":"https:\/\/api.w.org\/{rel}","templated":true}]}}