{"id":1485,"date":"2025-01-28T16:53:59","date_gmt":"2025-01-28T15:53:59","guid":{"rendered":"https:\/\/chablaisnordic.com\/?p=1485"},"modified":"2025-01-28T16:53:59","modified_gmt":"2025-01-28T15:53:59","slug":"camille-bened-sur-les-championnats-d-europe-ibu-2025","status":"publish","type":"post","link":"https:\/\/chablaisnordic.com\/?p=1485","title":{"rendered":"Camille BENED sur les championnats d &lsquo;Europe IBU 2025"},"content":{"rendered":"\n<p>C&rsquo;est parti pour une grosse semaine IBU pour Camille BENED en \u00e9quipe de France B de Biathlon. (du 29 Janvier au 2 F\u00e9vrier 2025)<\/p>\n\n\n\n<p>Programme copieux en Italie qui donnera aussi des points pour le classement IBU qu&rsquo;elle m\u00e8ne depuis quelques semaines.<\/p>\n\n\n\n<figure class=\"wp-block-image size-full\"><img loading=\"lazy\" width=\"819\" height=\"688\" src=\"https:\/\/chablaisnordic.com\/wp-content\/uploads\/sites\/89\/2025\/01\/image-1.png\" alt=\"\" class=\"wp-image-1486\" srcset=\"https:\/\/chablaisnordic.com\/wp-content\/uploads\/sites\/89\/2025\/01\/image-1.png 819w, https:\/\/chablaisnordic.com\/wp-content\/uploads\/sites\/89\/2025\/01\/image-1-300x252.png 300w, https:\/\/chablaisnordic.com\/wp-content\/uploads\/sites\/89\/2025\/01\/image-1-768x645.png 768w, https:\/\/chablaisnordic.com\/wp-content\/uploads\/sites\/89\/2025\/01\/image-1-357x300.png 357w\" sizes=\"(max-width: 819px) 100vw, 819px\" \/><\/figure>\n","protected":false},"excerpt":{"rendered":"<p>C&rsquo;est parti pour une grosse semaine IBU pour Camille BENED en \u00e9quipe de France B de Biathlon. (du 29 Janvier au 2 F\u00e9vrier 2025) Programme copieux en Italie qui donnera aussi des points pour le classement IBU qu&rsquo;elle m\u00e8ne depuis &hellip; <a href=\"https:\/\/chablaisnordic.com\/?p=1485\">Continuer la lecture <span class=\"meta-nav\">&rarr;<\/span><\/a><\/p>\n","protected":false},"author":3554,"featured_media":0,"comment_status":"closed","ping_status":"","sticky":true,"template":"","format":"standard","meta":[],"categories":[1],"tags":[],"_links":{"self":[{"href":"https:\/\/chablaisnordic.com\/index.php?rest_route=\/wp\/v2\/posts\/1485"}],"collection":[{"href":"https:\/\/chablaisnordic.com\/index.php?rest_route=\/wp\/v2\/posts"}],"about":[{"href":"https:\/\/chablaisnordic.com\/index.php?rest_route=\/wp\/v2\/types\/post"}],"author":[{"embeddable":true,"href":"https:\/\/chablaisnordic.com\/index.php?rest_route=\/wp\/v2\/users\/3554"}],"replies":[{"embeddable":true,"href":"https:\/\/chablaisnordic.com\/index.php?rest_route=%2Fwp%2Fv2%2Fcomments&post=1485"}],"version-history":[{"count":1,"href":"https:\/\/chablaisnordic.com\/index.php?rest_route=\/wp\/v2\/posts\/1485\/revisions"}],"predecessor-version":[{"id":1487,"href":"https:\/\/chablaisnordic.com\/index.php?rest_route=\/wp\/v2\/posts\/1485\/revisions\/1487"}],"wp:attachment":[{"href":"https:\/\/chablaisnordic.com\/index.php?rest_route=%2Fwp%2Fv2%2Fmedia&parent=1485"}],"wp:term":[{"taxonomy":"category","embeddable":true,"href":"https:\/\/chablaisnordic.com\/index.php?rest_route=%2Fwp%2Fv2%2Fcategories&post=1485"},{"taxonomy":"post_tag","embeddable":true,"href":"https:\/\/chablaisnordic.com\/index.php?rest_route=%2Fwp%2Fv2%2Ftags&post=1485"}],"curies":[{"name":"wp","href":"https:\/\/api.w.org\/{rel}","templated":true}]}}