{"id":1393,"date":"2024-12-01T19:49:00","date_gmt":"2024-12-01T18:49:00","guid":{"rendered":"https:\/\/chablaisnordic.com\/?p=1393"},"modified":"2024-12-10T21:26:12","modified_gmt":"2024-12-10T20:26:12","slug":"intermarche-partenaire-premium","status":"publish","type":"post","link":"https:\/\/chablaisnordic.com\/?p=1393","title":{"rendered":"INTERMARCHE partenaire PREMIUM"},"content":{"rendered":"\n<p>Le ski club remercie l&rsquo;\u00e9tablissement INTERMARCHE de la CHAPELLE D&rsquo; ABONDANCE qui est partenaire du club depuis quelques ann\u00e9es. <\/p>\n\n\n\n<p>Remise officielle des tee-shirts Chablais Nordic par M. LAURENT, directeur du magasin.<\/p>\n\n\n\n<p>Cette journ\u00e9e \u00e9tait aussi l&rsquo;occasion de distribuer le mat\u00e9riel ski \u00e0 tous nos jeunes pour d\u00e9marrer la saison.<\/p>\n\n\n\n<figure class=\"wp-block-image size-full\"><img loading=\"lazy\" width=\"2560\" height=\"1920\" src=\"https:\/\/chablaisnordic.com\/wp-content\/uploads\/sites\/89\/2024\/12\/photo_11-scaled.jpeg\" alt=\"\" class=\"wp-image-1402\" srcset=\"https:\/\/chablaisnordic.com\/wp-content\/uploads\/sites\/89\/2024\/12\/photo_11-scaled.jpeg 2560w, https:\/\/chablaisnordic.com\/wp-content\/uploads\/sites\/89\/2024\/12\/photo_11-300x225.jpeg 300w\" sizes=\"(max-width: 2560px) 100vw, 2560px\" \/><\/figure>\n\n\n\n<figure class=\"wp-block-image size-full\"><img loading=\"lazy\" width=\"2560\" height=\"1920\" src=\"https:\/\/chablaisnordic.com\/wp-content\/uploads\/sites\/89\/2024\/12\/photo_21-scaled.jpeg\" alt=\"\" class=\"wp-image-1396\" srcset=\"https:\/\/chablaisnordic.com\/wp-content\/uploads\/sites\/89\/2024\/12\/photo_21-scaled.jpeg 2560w, https:\/\/chablaisnordic.com\/wp-content\/uploads\/sites\/89\/2024\/12\/photo_21-300x225.jpeg 300w\" sizes=\"(max-width: 2560px) 100vw, 2560px\" \/><\/figure>\n","protected":false},"excerpt":{"rendered":"<p>Le ski club remercie l&rsquo;\u00e9tablissement INTERMARCHE de la CHAPELLE D&rsquo; ABONDANCE qui est partenaire du club depuis quelques ann\u00e9es. Remise officielle des tee-shirts Chablais Nordic par M. LAURENT, directeur du magasin. Cette journ\u00e9e \u00e9tait aussi l&rsquo;occasion de distribuer le mat\u00e9riel &hellip; <a href=\"https:\/\/chablaisnordic.com\/?p=1393\">Continuer la lecture <span class=\"meta-nav\">&rarr;<\/span><\/a><\/p>\n","protected":false},"author":3554,"featured_media":0,"comment_status":"closed","ping_status":"closed","sticky":true,"template":"","format":"standard","meta":[],"categories":[1],"tags":[],"_links":{"self":[{"href":"https:\/\/chablaisnordic.com\/index.php?rest_route=\/wp\/v2\/posts\/1393"}],"collection":[{"href":"https:\/\/chablaisnordic.com\/index.php?rest_route=\/wp\/v2\/posts"}],"about":[{"href":"https:\/\/chablaisnordic.com\/index.php?rest_route=\/wp\/v2\/types\/post"}],"author":[{"embeddable":true,"href":"https:\/\/chablaisnordic.com\/index.php?rest_route=\/wp\/v2\/users\/3554"}],"replies":[{"embeddable":true,"href":"https:\/\/chablaisnordic.com\/index.php?rest_route=%2Fwp%2Fv2%2Fcomments&post=1393"}],"version-history":[{"count":7,"href":"https:\/\/chablaisnordic.com\/index.php?rest_route=\/wp\/v2\/posts\/1393\/revisions"}],"predecessor-version":[{"id":1410,"href":"https:\/\/chablaisnordic.com\/index.php?rest_route=\/wp\/v2\/posts\/1393\/revisions\/1410"}],"wp:attachment":[{"href":"https:\/\/chablaisnordic.com\/index.php?rest_route=%2Fwp%2Fv2%2Fmedia&parent=1393"}],"wp:term":[{"taxonomy":"category","embeddable":true,"href":"https:\/\/chablaisnordic.com\/index.php?rest_route=%2Fwp%2Fv2%2Fcategories&post=1393"},{"taxonomy":"post_tag","embeddable":true,"href":"https:\/\/chablaisnordic.com\/index.php?rest_route=%2Fwp%2Fv2%2Ftags&post=1393"}],"curies":[{"name":"wp","href":"https:\/\/api.w.org\/{rel}","templated":true}]}}